{"id":832,"date":"2019-02-01T12:36:32","date_gmt":"2019-02-01T11:36:32","guid":{"rendered":"https:\/\/www.sapere-association.com\/?p=832"},"modified":"2019-02-11T11:23:43","modified_gmt":"2019-02-11T10:23:43","slug":"de-leveil-au-reveil-des-sens-ou-comment-gouter-la-vie","status":"publish","type":"post","link":"https:\/\/www.sapere-association.com\/fr\/news\/actualites-france\/de-leveil-au-reveil-des-sens-ou-comment-gouter-la-vie","title":{"rendered":"De l\u2019\u00e9veil au r\u00e9veil des sens ou comment go\u00fbter la vie"},"content":{"rendered":"<p>En maison de retraite ou \u00e0 l\u2019h\u00f4pital, <a href=\"https:\/\/www.lesblousesroses.asso.fr\/fr\/\" target=\"_blank\" rel=\"noopener\"><strong>les Blouses Roses<\/strong><\/a> luttent contre la solitude des personnes \u00e2g\u00e9es et des malades, enfants ou adultes, par des animations ludiques et cr\u00e9atives. A cet effet, l\u2019association a d\u00e9velopp\u00e9 un outil sp\u00e9cifique \u00ab\u00a0<strong>la valise sensorielle<\/strong>\u00a0\u00bb qui permet de <strong>se reconnecter aux go\u00fbts et aux odeurs d\u2019enfance et de d\u00e9velopper ses 5 sens<\/strong>.<\/p>\n<p><a href=\"https:\/\/www.lesblousesroses.asso.fr\/fr\/\" target=\"_blank\" rel=\"noopener\"><img decoding=\"async\" class=\"wp-image-833 alignleft\" src=\"https:\/\/www.sapere-association.com\/wp-content\/uploads\/2019\/02\/logo_blouse_rose.png\" alt=\"logo_blouse_rose\" width=\"202\" height=\"201\" srcset=\"https:\/\/www.sapere-association.com\/wp-content\/uploads\/2019\/02\/logo_blouse_rose.png 312w, https:\/\/www.sapere-association.com\/wp-content\/uploads\/2019\/02\/logo_blouse_rose-150x150.png 150w, https:\/\/www.sapere-association.com\/wp-content\/uploads\/2019\/02\/logo_blouse_rose-300x298.png 300w, https:\/\/www.sapere-association.com\/wp-content\/uploads\/2019\/02\/logo_blouse_rose-131x130.png 131w\" sizes=\"(max-width: 202px) 100vw, 202px\" \/><\/a> <a href=\"https:\/\/www.sapere-association.com\/fr\/a-propos\/membres-sapere\/sapere-en-france\" target=\"_blank\" rel=\"noopener\"><img decoding=\"async\" class=\"wp-image-835 alignright\" src=\"https:\/\/www.sapere-association.com\/wp-content\/uploads\/2019\/02\/logo_classe_du_gout.png\" alt=\"\" width=\"260\" height=\"187\" srcset=\"https:\/\/www.sapere-association.com\/wp-content\/uploads\/2019\/02\/logo_classe_du_gout.png 441w, https:\/\/www.sapere-association.com\/wp-content\/uploads\/2019\/02\/logo_classe_du_gout-300x215.png 300w, https:\/\/www.sapere-association.com\/wp-content\/uploads\/2019\/02\/logo_classe_du_gout-175x125.png 175w\" sizes=\"(max-width: 260px) 100vw, 260px\" \/><\/a><\/p>\n<p>L\u2019association \u00ab <a href=\"http:\/\/saperelesclassesdugout.fr\" target=\"_blank\" rel=\"noopener\">SAPERE Les Classes du Go\u00fbt<\/a> \u00bb vient de signer un <strong>partenariat<\/strong> avec \u00ab\u00a0<a href=\"https:\/\/www.lesblousesroses.asso.fr\/fr\/\" target=\"_blank\" rel=\"noopener\">les Blouses Roses<\/a>\u00a0\u00bb dans lequel elle propose aux b\u00e9n\u00e9voles de l\u2019association une <strong>formation sur l\u2019\u00e9veil sensoriel<\/strong>.<\/p>\n<p>Cette formation &#8211; limit\u00e9e \u00e0 la r\u00e9gion Rh\u00f4ne-Alpes pour l&rsquo;instant &#8211; leur permettra de mettre en place des activit\u00e9s autour des 5 sens, en lien avec la valise sensorielle, <strong>pour les enfants et les personnes \u00e2g\u00e9es en h\u00f4pital ou en EHPAD.<\/strong><\/p>\n<figure id=\"attachment_837\" aria-describedby=\"caption-attachment-837\" style=\"width: 398px\" class=\"wp-caption aligncenter\"><img fetchpriority=\"high\" decoding=\"async\" class=\"wp-image-837\" src=\"https:\/\/www.sapere-association.com\/wp-content\/uploads\/2019\/02\/malette.png\" alt=\"&quot;Valise sensorielle&quot; des Blouses Roses\" width=\"398\" height=\"299\" srcset=\"https:\/\/www.sapere-association.com\/wp-content\/uploads\/2019\/02\/malette.png 558w, https:\/\/www.sapere-association.com\/wp-content\/uploads\/2019\/02\/malette-300x225.png 300w, https:\/\/www.sapere-association.com\/wp-content\/uploads\/2019\/02\/malette-173x130.png 173w\" sizes=\"(max-width: 398px) 100vw, 398px\" \/><figcaption id=\"caption-attachment-837\" class=\"wp-caption-text\">\u00ab\u00a0Valise sensorielle\u00a0\u00bb des Blouses Roses<\/figcaption><\/figure>\n<p>&nbsp;<\/p>\n<p>&nbsp;<\/p>\n","protected":false},"excerpt":{"rendered":"<p>En maison de retraite ou \u00e0 l\u2019h\u00f4pital, les Blouses Roses luttent contre la solitude des personnes \u00e2g\u00e9es et des malades, enfants ou adultes, par des animations ludiques et cr\u00e9atives. A cet effet, l\u2019association a d\u00e9velopp\u00e9 un outil sp\u00e9cifique \u00ab\u00a0la valise&#8230;<\/p>\n","protected":false},"author":5,"featured_media":844,"comment_status":"closed","ping_status":"closed","sticky":false,"template":"","format":"standard","meta":{"footnotes":""},"categories":[12],"tags":[79,59,81,80],"class_list":["post-832","post","type-post","status-publish","format-standard","has-post-thumbnail","hentry","category-actualites-france","tag-ehpad","tag-formation","tag-personnes-agees","tag-valise-sensorielle"],"acf":[],"_links":{"self":[{"href":"https:\/\/www.sapere-association.com\/fr\/wp-json\/wp\/v2\/posts\/832","targetHints":{"allow":["GET"]}}],"collection":[{"href":"https:\/\/www.sapere-association.com\/fr\/wp-json\/wp\/v2\/posts"}],"about":[{"href":"https:\/\/www.sapere-association.com\/fr\/wp-json\/wp\/v2\/types\/post"}],"author":[{"embeddable":true,"href":"https:\/\/www.sapere-association.com\/fr\/wp-json\/wp\/v2\/users\/5"}],"replies":[{"embeddable":true,"href":"https:\/\/www.sapere-association.com\/fr\/wp-json\/wp\/v2\/comments?post=832"}],"version-history":[{"count":0,"href":"https:\/\/www.sapere-association.com\/fr\/wp-json\/wp\/v2\/posts\/832\/revisions"}],"wp:featuredmedia":[{"embeddable":true,"href":"https:\/\/www.sapere-association.com\/fr\/wp-json\/wp\/v2\/media\/844"}],"wp:attachment":[{"href":"https:\/\/www.sapere-association.com\/fr\/wp-json\/wp\/v2\/media?parent=832"}],"wp:term":[{"taxonomy":"category","embeddable":true,"href":"https:\/\/www.sapere-association.com\/fr\/wp-json\/wp\/v2\/categories?post=832"},{"taxonomy":"post_tag","embeddable":true,"href":"https:\/\/www.sapere-association.com\/fr\/wp-json\/wp\/v2\/tags?post=832"}],"curies":[{"name":"wp","href":"https:\/\/api.w.org\/{rel}","templated":true}]}}