{"id":1459,"date":"2022-10-31T14:17:59","date_gmt":"2022-10-31T13:17:59","guid":{"rendered":"https:\/\/www.sapere-association.com\/news\/non-classifiee\/video-of-the-sapere-e-conf-the-relation-of-sensory-food-education-and-sustainability-20-october-2022"},"modified":"2022-11-07T11:38:27","modified_gmt":"2022-11-07T10:38:27","slug":"video-of-the-sapere-e-conf-the-relation-of-sensory-food-education-and-sustainability-20-october-2022","status":"publish","type":"post","link":"https:\/\/www.sapere-association.com\/fr\/news\/non-classifiee\/video-of-the-sapere-e-conf-the-relation-of-sensory-food-education-and-sustainability-20-october-2022","title":{"rendered":"Vid\u00e9o de la e-conference de SAPERE: La relation entre l\u2019\u00e9ducation sensorielle et la durabilit\u00e9 alimentaire &#8211; 20 Octobre 2022"},"content":{"rendered":"<figure id=\"attachment_1455\" aria-describedby=\"caption-attachment-1455\" style=\"width: 563px\" class=\"wp-caption aligncenter\"><a href=\"https:\/\/www.sapere-association.com\/wp-content\/uploads\/2022\/10\/Capture-de\u0301cran-2022-10-31-a\u0300-14.12.40.png\"><img fetchpriority=\"high\" decoding=\"async\" class=\"size-full wp-image-1455\" src=\"https:\/\/www.sapere-association.com\/wp-content\/uploads\/2022\/10\/Capture-de\u0301cran-2022-10-31-a\u0300-14.12.40.png\" alt=\"Food education and Sustainability\" width=\"563\" height=\"377\" srcset=\"https:\/\/www.sapere-association.com\/wp-content\/uploads\/2022\/10\/Capture-de\u0301cran-2022-10-31-a\u0300-14.12.40.png 563w, https:\/\/www.sapere-association.com\/wp-content\/uploads\/2022\/10\/Capture-de\u0301cran-2022-10-31-a\u0300-14.12.40-300x201.png 300w, https:\/\/www.sapere-association.com\/wp-content\/uploads\/2022\/10\/Capture-de\u0301cran-2022-10-31-a\u0300-14.12.40-175x117.png 175w\" sizes=\"(max-width: 563px) 100vw, 563px\" \/><\/a><figcaption id=\"caption-attachment-1455\" class=\"wp-caption-text\">\u00c9ducation alimentaire et durabilit\u00e9<\/figcaption><\/figure>\n<p>Le 20 Octobre 2022 dernier, SAPERE international a organis\u00e9 sa premi\u00e8re conf\u00e9rence en ligne.<\/p>\n<p>Celle-ci \u00e9tait consacr\u00e9e \u00e0 la relation entre l\u2019\u00e9ducation sensorielle et la durabilit\u00e9 alimentaire.<\/p>\n<p>Plus de 60 participants ont rejoint la e-conference en provenance de l&rsquo;Europe, du Canada et du Japon.<\/p>\n<p>La e-conference a \u00e9t\u00e9 enregistr\u00e9e et peut \u00eatre vue ici: <a href=\"https:\/\/vimeo.com\/765648878\" target=\"_blank\" rel=\"noopener noreferrer\">Video SAPERE e-conf &#8211; 20 October 2022<\/a><\/p>\n","protected":false},"excerpt":{"rendered":"<p>Le 20 Octobre 2022 dernier, SAPERE international a organis\u00e9 sa premi\u00e8re conf\u00e9rence en ligne. Celle-ci \u00e9tait consacr\u00e9e \u00e0 la relation entre l\u2019\u00e9ducation sensorielle et la durabilit\u00e9 alimentaire. Plus de 60 participants ont rejoint la e-conference en provenance de l&rsquo;Europe, du&#8230;<\/p>\n","protected":false},"author":68,"featured_media":1456,"comment_status":"closed","ping_status":"closed","sticky":false,"template":"","format":"standard","meta":{"footnotes":""},"categories":[12,1,133],"tags":[230,247,249,208],"class_list":["post-1459","post","type-post","status-publish","format-standard","has-post-thumbnail","hentry","category-actualites-france","category-non-classifiee","category-symposium-fr","tag-durabilite","tag-e-conference-fr","tag-education-alimentaire","tag-sapere"],"acf":[],"_links":{"self":[{"href":"https:\/\/www.sapere-association.com\/fr\/wp-json\/wp\/v2\/posts\/1459","targetHints":{"allow":["GET"]}}],"collection":[{"href":"https:\/\/www.sapere-association.com\/fr\/wp-json\/wp\/v2\/posts"}],"about":[{"href":"https:\/\/www.sapere-association.com\/fr\/wp-json\/wp\/v2\/types\/post"}],"author":[{"embeddable":true,"href":"https:\/\/www.sapere-association.com\/fr\/wp-json\/wp\/v2\/users\/68"}],"replies":[{"embeddable":true,"href":"https:\/\/www.sapere-association.com\/fr\/wp-json\/wp\/v2\/comments?post=1459"}],"version-history":[{"count":0,"href":"https:\/\/www.sapere-association.com\/fr\/wp-json\/wp\/v2\/posts\/1459\/revisions"}],"wp:featuredmedia":[{"embeddable":true,"href":"https:\/\/www.sapere-association.com\/fr\/wp-json\/wp\/v2\/media\/1456"}],"wp:attachment":[{"href":"https:\/\/www.sapere-association.com\/fr\/wp-json\/wp\/v2\/media?parent=1459"}],"wp:term":[{"taxonomy":"category","embeddable":true,"href":"https:\/\/www.sapere-association.com\/fr\/wp-json\/wp\/v2\/categories?post=1459"},{"taxonomy":"post_tag","embeddable":true,"href":"https:\/\/www.sapere-association.com\/fr\/wp-json\/wp\/v2\/tags?post=1459"}],"curies":[{"name":"wp","href":"https:\/\/api.w.org\/{rel}","templated":true}]}}